{"id":13063,"date":"2022-07-29T15:00:00","date_gmt":"2022-07-29T13:00:00","guid":{"rendered":"https:\/\/fondazionefiladev.ive.ai\/?p=13063"},"modified":"2022-07-29T11:23:33","modified_gmt":"2022-07-29T09:23:33","slug":"courtside-daniela-del-percio","status":"publish","type":"post","link":"https:\/\/fondazionefiladev.ive.ai\/en\/courtside-daniela-del-percio\/","title":{"rendered":"COURTSIDE: DANIELA DEL PERCIO\u00a0"},"content":{"rendered":"\n<div class=\"box-blog\">\n<p>\n<strong>Daniela Del Percio<\/strong>, Executive Creative Director at FILA USA, has Italian origins, just like the brand she\u2019s been working for a long time. The energy and the passion she espresses are a proof of it: on the occasion of a recent visit to Biella, we involved her in the following interview, in which she can\u2019t help congratulate with the Foundation for her work.   \n<\/p>\n<p class=\"interview-question\">\nDear Daniela, welcome to our Blog! \nLet\u2019s start from the beginning: what is your educational background and what led you to work for the brand?\t\t \n<\/p>\n<p>\n<strong>DANIELA DEL PERCIO:<\/strong> I went to the School of Visual Arts in NYC where I received a Bachelor of Arts with a focus in Advertising and Graphic Design. I worked for FILA briefly when I finished school on a few projects. Eventually I went to work full time at a branding and advertising agency where I stayed many years. Fast forward to 2013 and I decided I wanted to go to work brand-side, where I could really focus and grow one brand &#8211; Ideally one in fitness, as I am passionate about athletics. Shortly after (almost too coincidentally) someone called me as asked if I was interested in FILA as they were looking for someone at my level. It was my destiny!\n<\/p>\n<p class=\"interview-question\">\nAs a creative, what intrigues you the most about FILA heritage? Do you have a favorite athlete from the past?\n<\/p>\n<p>\n<strong>DDP:<\/strong> Oh, so much, but if I have to pick just one thing it has to be Pierluigi Rolando stories are always my favorite. I only met him once but I have watched many of his videos. To understand him is to understand the heart FILA: elegance, design, creativity, beauty and boldness and his recipe for putting it all together always amazes me.\t\nI have a few favorite athletes including Adriano Panatta, Reinhold Messner and Karol\u00edna Pl\u00ed\u0161kov\u00e1. My favorite designs weere the blue ski uniforms worn by Deborah Compagnoni and Alberto Tomba.\n<\/p>\n<p class=\"interview-question\">\nYou\u2019ve recently been to Biella to visit us at the Foundation. What do you think about its activities and about its support to the brand?\n<\/p>\n<p>\n<strong>DDP:<\/strong> Without the Archive and Foundation, we have no soul. Yes, it is that simple. Most important is the work the foundation does for the company is the amazing rate at which they digitize the history and put it on an internal platform for all FILA employees to access. This is critical to keep the brand aligned and moving forward while maintaining our DNA. It is a platform I personally utilize constantly. In fact, even today I was looking at all out old brand guidelines to inform a project that I am working on. I\u2019m always impressed with the creativity they bring to educating and collecting relics to build to the archive. Not only does the FILA Foundation &amp; Archive to provide invaluable insight to provide FILA\u2019s employees, but it serves as an aspirational beacon to future generations of designers.\n<\/p>\n<p class=\"interview-question\">\nIs there something we didn\u2019t ask and you\u2019d love to speak about?\t\n<\/p>\n<p>\n<strong>DDP:<\/strong> Certo: Fondazione FILA Museum is really the \u2018heart and soul\u2019 of FILA, giving back to the community near and afar. Some recent examples of this are the support they provided to the local community during the Covid-19 crisis and all the ongoing support they provide towards in children\u2019s events centered around sports and education.\n<\/p>\n<div class=\"box-suggest-newsletter\">\n<p>Would you like to receive &#8220;Wonnie News&#8221;? Subscribe <a id=\"link-wonnie-letter\" href=\"#box-newsletter-footer\">here<\/a>!<\/p>\n<\/div>\n<a class=\"box-go-homeblog\" href=\"\/en\/blog\">Back to the articles!<\/a>\n<\/div>\n","protected":false},"excerpt":{"rendered":"<p>Daniela Del Percio, Executive Creative Director at FILA USA, has Italian origins, just like the brand she\u2019s been working for a long time. The energy and the passion she espresses are a proof of it: on the occasion of a recent visit to Biella, we involved her in the following interview, in which she can\u2019t [&hellip;]<\/p>\n","protected":false},"author":1,"featured_media":13052,"comment_status":"open","ping_status":"open","sticky":false,"template":"","format":"standard","meta":{"footnotes":""},"categories":[15],"tags":[],"class_list":["post-13063","post","type-post","status-publish","format-standard","has-post-thumbnail","hentry","category-uncategorized"],"yoast_head":"<!-- This site is optimized with the Yoast SEO plugin v21.9.1 - https:\/\/yoast.com\/wordpress\/plugins\/seo\/ -->\n<title>COURTSIDE: DANIELA DEL PERCIO\u00a0 - Fondazione FILA Museum<\/title>\n<meta name=\"robots\" content=\"index, follow, max-snippet:-1, max-image-preview:large, max-video-preview:-1\" \/>\n<link rel=\"canonical\" href=\"https:\/\/fondazionefiladev.ive.ai\/en\/courtside-daniela-del-percio\/\" \/>\n<meta property=\"og:locale\" content=\"en_US\" \/>\n<meta property=\"og:type\" content=\"article\" \/>\n<meta property=\"og:title\" content=\"COURTSIDE: DANIELA DEL PERCIO\u00a0 - Fondazione FILA Museum\" \/>\n<meta property=\"og:description\" content=\"Daniela Del Percio, Executive Creative Director at FILA USA, has Italian origins, just like the brand she\u2019s been working for a long time. The energy and the passion she espresses are a proof of it: on the occasion of a recent visit to Biella, we involved her in the following interview, in which she can\u2019t [&hellip;]\" \/>\n<meta property=\"og:url\" content=\"https:\/\/fondazionefiladev.ive.ai\/en\/courtside-daniela-del-percio\/\" \/>\n<meta property=\"og:site_name\" content=\"Fondazione FILA Museum\" \/>\n<meta property=\"article:publisher\" content=\"https:\/\/www.facebook.com\/fondazionefila\/\" \/>\n<meta property=\"article:published_time\" content=\"2022-07-29T13:00:00+00:00\" \/>\n<meta property=\"article:modified_time\" content=\"2022-07-29T09:23:33+00:00\" \/>\n<meta property=\"og:image\" content=\"https:\/\/fondazionefiladev.ive.ai\/wp-content\/uploads\/2022\/07\/DANIELA-DEL-PERCIO_001.jpg\" \/>\n\t<meta property=\"og:image:width\" content=\"2560\" \/>\n\t<meta property=\"og:image:height\" content=\"1707\" \/>\n\t<meta property=\"og:image:type\" content=\"image\/jpeg\" \/>\n<meta name=\"author\" content=\"Fondazione\" \/>\n<meta name=\"twitter:card\" content=\"summary_large_image\" \/>\n<meta name=\"twitter:label1\" content=\"Written by\" \/>\n\t<meta name=\"twitter:data1\" content=\"Fondazione\" \/>\n\t<meta name=\"twitter:label2\" content=\"Est. reading time\" \/>\n\t<meta name=\"twitter:data2\" content=\"4 minutes\" \/>\n<script type=\"application\/ld+json\" class=\"yoast-schema-graph\">{\"@context\":\"https:\/\/schema.org\",\"@graph\":[{\"@type\":\"Article\",\"@id\":\"https:\/\/fondazionefiladev.ive.ai\/en\/courtside-daniela-del-percio\/#article\",\"isPartOf\":{\"@id\":\"https:\/\/fondazionefiladev.ive.ai\/en\/courtside-daniela-del-percio\/\"},\"author\":{\"name\":\"Fondazione\",\"@id\":\"https:\/\/fondazionefiladev.ive.ai\/en\/#\/schema\/person\/6552021df19f5f9b7f772a6ce3d5c9f5\"},\"headline\":\"COURTSIDE: DANIELA DEL PERCIO\u00a0\",\"datePublished\":\"2022-07-29T13:00:00+00:00\",\"dateModified\":\"2022-07-29T09:23:33+00:00\",\"mainEntityOfPage\":{\"@id\":\"https:\/\/fondazionefiladev.ive.ai\/en\/courtside-daniela-del-percio\/\"},\"wordCount\":581,\"commentCount\":0,\"publisher\":{\"@id\":\"https:\/\/fondazionefiladev.ive.ai\/en\/#organization\"},\"inLanguage\":\"en-US\",\"potentialAction\":[{\"@type\":\"CommentAction\",\"name\":\"Comment\",\"target\":[\"https:\/\/fondazionefiladev.ive.ai\/en\/courtside-daniela-del-percio\/#respond\"]}]},{\"@type\":\"WebPage\",\"@id\":\"https:\/\/fondazionefiladev.ive.ai\/en\/courtside-daniela-del-percio\/\",\"url\":\"https:\/\/fondazionefiladev.ive.ai\/en\/courtside-daniela-del-percio\/\",\"name\":\"COURTSIDE: DANIELA DEL PERCIO\u00a0 - Fondazione FILA Museum\",\"isPartOf\":{\"@id\":\"https:\/\/fondazionefiladev.ive.ai\/en\/#website\"},\"datePublished\":\"2022-07-29T13:00:00+00:00\",\"dateModified\":\"2022-07-29T09:23:33+00:00\",\"breadcrumb\":{\"@id\":\"https:\/\/fondazionefiladev.ive.ai\/en\/courtside-daniela-del-percio\/#breadcrumb\"},\"inLanguage\":\"en-US\",\"potentialAction\":[{\"@type\":\"ReadAction\",\"target\":[\"https:\/\/fondazionefiladev.ive.ai\/en\/courtside-daniela-del-percio\/\"]}]},{\"@type\":\"BreadcrumbList\",\"@id\":\"https:\/\/fondazionefiladev.ive.ai\/en\/courtside-daniela-del-percio\/#breadcrumb\",\"itemListElement\":[{\"@type\":\"ListItem\",\"position\":1,\"name\":\"Home\",\"item\":\"https:\/\/fondazionefiladev.ive.ai\/en\/\"},{\"@type\":\"ListItem\",\"position\":2,\"name\":\"COURTSIDE: DANIELA DEL PERCIO\u00a0\"}]},{\"@type\":\"WebSite\",\"@id\":\"https:\/\/fondazionefiladev.ive.ai\/en\/#website\",\"url\":\"https:\/\/fondazionefiladev.ive.ai\/en\/\",\"name\":\"Fondazione FILA\",\"description\":\"\",\"publisher\":{\"@id\":\"https:\/\/fondazionefiladev.ive.ai\/en\/#organization\"},\"potentialAction\":[{\"@type\":\"SearchAction\",\"target\":{\"@type\":\"EntryPoint\",\"urlTemplate\":\"https:\/\/fondazionefiladev.ive.ai\/en\/?s={search_term_string}\"},\"query-input\":\"required name=search_term_string\"}],\"inLanguage\":\"en-US\"},{\"@type\":\"Organization\",\"@id\":\"https:\/\/fondazionefiladev.ive.ai\/en\/#organization\",\"name\":\"Fondazione FILA\",\"url\":\"https:\/\/fondazionefiladev.ive.ai\/en\/\",\"logo\":{\"@type\":\"ImageObject\",\"inLanguage\":\"en-US\",\"@id\":\"https:\/\/fondazionefiladev.ive.ai\/en\/#\/schema\/logo\/image\/\",\"url\":\"https:\/\/fondazionefiladev.ive.ai\/wp-content\/uploads\/2021\/01\/fondazione-fila-museum-blue.png\",\"contentUrl\":\"https:\/\/fondazionefiladev.ive.ai\/wp-content\/uploads\/2021\/01\/fondazione-fila-museum-blue.png\",\"width\":400,\"height\":100,\"caption\":\"Fondazione FILA\"},\"image\":{\"@id\":\"https:\/\/fondazionefiladev.ive.ai\/en\/#\/schema\/logo\/image\/\"},\"sameAs\":[\"https:\/\/www.facebook.com\/fondazionefila\/\",\"https:\/\/www.instagram.com\/fondazione_fila_museum\/\"]},{\"@type\":\"Person\",\"@id\":\"https:\/\/fondazionefiladev.ive.ai\/en\/#\/schema\/person\/6552021df19f5f9b7f772a6ce3d5c9f5\",\"name\":\"Fondazione\",\"image\":{\"@type\":\"ImageObject\",\"inLanguage\":\"en-US\",\"@id\":\"https:\/\/fondazionefiladev.ive.ai\/en\/#\/schema\/person\/image\/\",\"url\":\"https:\/\/secure.gravatar.com\/avatar\/7824807703273669e4e33a09678f2564?s=96&d=mm&r=g\",\"contentUrl\":\"https:\/\/secure.gravatar.com\/avatar\/7824807703273669e4e33a09678f2564?s=96&d=mm&r=g\",\"caption\":\"Fondazione\"},\"description\":\"Born in Biella in the foothills of the ltalian Alps, WONNIE is a ski-loving white bear. Because he is from the snow\u00adcovered Alps, he is vulnerable to hot weather, and despite his size he has timid personality so he is always blushing. WONNIE is a gentle bear with heart of gold who easily find faults with himself even with small things but never blames others.\",\"sameAs\":[\"http:\/\/fondazionefila.ive.ai\"]}]}<\/script>\n<!-- \/ Yoast SEO plugin. -->","yoast_head_json":{"title":"COURTSIDE: DANIELA DEL PERCIO\u00a0 - Fondazione FILA Museum","robots":{"index":"index","follow":"follow","max-snippet":"max-snippet:-1","max-image-preview":"max-image-preview:large","max-video-preview":"max-video-preview:-1"},"canonical":"https:\/\/fondazionefiladev.ive.ai\/en\/courtside-daniela-del-percio\/","og_locale":"en_US","og_type":"article","og_title":"COURTSIDE: DANIELA DEL PERCIO\u00a0 - Fondazione FILA Museum","og_description":"Daniela Del Percio, Executive Creative Director at FILA USA, has Italian origins, just like the brand she\u2019s been working for a long time. The energy and the passion she espresses are a proof of it: on the occasion of a recent visit to Biella, we involved her in the following interview, in which she can\u2019t [&hellip;]","og_url":"https:\/\/fondazionefiladev.ive.ai\/en\/courtside-daniela-del-percio\/","og_site_name":"Fondazione FILA Museum","article_publisher":"https:\/\/www.facebook.com\/fondazionefila\/","article_published_time":"2022-07-29T13:00:00+00:00","article_modified_time":"2022-07-29T09:23:33+00:00","og_image":[{"width":2560,"height":1707,"url":"https:\/\/fondazionefiladev.ive.ai\/wp-content\/uploads\/2022\/07\/DANIELA-DEL-PERCIO_001.jpg","type":"image\/jpeg"}],"author":"Fondazione","twitter_card":"summary_large_image","twitter_misc":{"Written by":"Fondazione","Est. reading time":"4 minutes"},"schema":{"@context":"https:\/\/schema.org","@graph":[{"@type":"Article","@id":"https:\/\/fondazionefiladev.ive.ai\/en\/courtside-daniela-del-percio\/#article","isPartOf":{"@id":"https:\/\/fondazionefiladev.ive.ai\/en\/courtside-daniela-del-percio\/"},"author":{"name":"Fondazione","@id":"https:\/\/fondazionefiladev.ive.ai\/en\/#\/schema\/person\/6552021df19f5f9b7f772a6ce3d5c9f5"},"headline":"COURTSIDE: DANIELA DEL PERCIO\u00a0","datePublished":"2022-07-29T13:00:00+00:00","dateModified":"2022-07-29T09:23:33+00:00","mainEntityOfPage":{"@id":"https:\/\/fondazionefiladev.ive.ai\/en\/courtside-daniela-del-percio\/"},"wordCount":581,"commentCount":0,"publisher":{"@id":"https:\/\/fondazionefiladev.ive.ai\/en\/#organization"},"inLanguage":"en-US","potentialAction":[{"@type":"CommentAction","name":"Comment","target":["https:\/\/fondazionefiladev.ive.ai\/en\/courtside-daniela-del-percio\/#respond"]}]},{"@type":"WebPage","@id":"https:\/\/fondazionefiladev.ive.ai\/en\/courtside-daniela-del-percio\/","url":"https:\/\/fondazionefiladev.ive.ai\/en\/courtside-daniela-del-percio\/","name":"COURTSIDE: DANIELA DEL PERCIO\u00a0 - Fondazione FILA Museum","isPartOf":{"@id":"https:\/\/fondazionefiladev.ive.ai\/en\/#website"},"datePublished":"2022-07-29T13:00:00+00:00","dateModified":"2022-07-29T09:23:33+00:00","breadcrumb":{"@id":"https:\/\/fondazionefiladev.ive.ai\/en\/courtside-daniela-del-percio\/#breadcrumb"},"inLanguage":"en-US","potentialAction":[{"@type":"ReadAction","target":["https:\/\/fondazionefiladev.ive.ai\/en\/courtside-daniela-del-percio\/"]}]},{"@type":"BreadcrumbList","@id":"https:\/\/fondazionefiladev.ive.ai\/en\/courtside-daniela-del-percio\/#breadcrumb","itemListElement":[{"@type":"ListItem","position":1,"name":"Home","item":"https:\/\/fondazionefiladev.ive.ai\/en\/"},{"@type":"ListItem","position":2,"name":"COURTSIDE: DANIELA DEL PERCIO\u00a0"}]},{"@type":"WebSite","@id":"https:\/\/fondazionefiladev.ive.ai\/en\/#website","url":"https:\/\/fondazionefiladev.ive.ai\/en\/","name":"Fondazione FILA","description":"","publisher":{"@id":"https:\/\/fondazionefiladev.ive.ai\/en\/#organization"},"potentialAction":[{"@type":"SearchAction","target":{"@type":"EntryPoint","urlTemplate":"https:\/\/fondazionefiladev.ive.ai\/en\/?s={search_term_string}"},"query-input":"required name=search_term_string"}],"inLanguage":"en-US"},{"@type":"Organization","@id":"https:\/\/fondazionefiladev.ive.ai\/en\/#organization","name":"Fondazione FILA","url":"https:\/\/fondazionefiladev.ive.ai\/en\/","logo":{"@type":"ImageObject","inLanguage":"en-US","@id":"https:\/\/fondazionefiladev.ive.ai\/en\/#\/schema\/logo\/image\/","url":"https:\/\/fondazionefiladev.ive.ai\/wp-content\/uploads\/2021\/01\/fondazione-fila-museum-blue.png","contentUrl":"https:\/\/fondazionefiladev.ive.ai\/wp-content\/uploads\/2021\/01\/fondazione-fila-museum-blue.png","width":400,"height":100,"caption":"Fondazione FILA"},"image":{"@id":"https:\/\/fondazionefiladev.ive.ai\/en\/#\/schema\/logo\/image\/"},"sameAs":["https:\/\/www.facebook.com\/fondazionefila\/","https:\/\/www.instagram.com\/fondazione_fila_museum\/"]},{"@type":"Person","@id":"https:\/\/fondazionefiladev.ive.ai\/en\/#\/schema\/person\/6552021df19f5f9b7f772a6ce3d5c9f5","name":"Fondazione","image":{"@type":"ImageObject","inLanguage":"en-US","@id":"https:\/\/fondazionefiladev.ive.ai\/en\/#\/schema\/person\/image\/","url":"https:\/\/secure.gravatar.com\/avatar\/7824807703273669e4e33a09678f2564?s=96&d=mm&r=g","contentUrl":"https:\/\/secure.gravatar.com\/avatar\/7824807703273669e4e33a09678f2564?s=96&d=mm&r=g","caption":"Fondazione"},"description":"Born in Biella in the foothills of the ltalian Alps, WONNIE is a ski-loving white bear. Because he is from the snow\u00adcovered Alps, he is vulnerable to hot weather, and despite his size he has timid personality so he is always blushing. WONNIE is a gentle bear with heart of gold who easily find faults with himself even with small things but never blames others.","sameAs":["http:\/\/fondazionefila.ive.ai"]}]}},"wps_subtitle":"","_links":{"self":[{"href":"https:\/\/fondazionefiladev.ive.ai\/en\/wp-json\/wp\/v2\/posts\/13063"}],"collection":[{"href":"https:\/\/fondazionefiladev.ive.ai\/en\/wp-json\/wp\/v2\/posts"}],"about":[{"href":"https:\/\/fondazionefiladev.ive.ai\/en\/wp-json\/wp\/v2\/types\/post"}],"author":[{"embeddable":true,"href":"https:\/\/fondazionefiladev.ive.ai\/en\/wp-json\/wp\/v2\/users\/1"}],"replies":[{"embeddable":true,"href":"https:\/\/fondazionefiladev.ive.ai\/en\/wp-json\/wp\/v2\/comments?post=13063"}],"version-history":[{"count":7,"href":"https:\/\/fondazionefiladev.ive.ai\/en\/wp-json\/wp\/v2\/posts\/13063\/revisions"}],"predecessor-version":[{"id":13087,"href":"https:\/\/fondazionefiladev.ive.ai\/en\/wp-json\/wp\/v2\/posts\/13063\/revisions\/13087"}],"wp:featuredmedia":[{"embeddable":true,"href":"https:\/\/fondazionefiladev.ive.ai\/en\/wp-json\/wp\/v2\/media\/13052"}],"wp:attachment":[{"href":"https:\/\/fondazionefiladev.ive.ai\/en\/wp-json\/wp\/v2\/media?parent=13063"}],"wp:term":[{"taxonomy":"category","embeddable":true,"href":"https:\/\/fondazionefiladev.ive.ai\/en\/wp-json\/wp\/v2\/categories?post=13063"},{"taxonomy":"post_tag","embeddable":true,"href":"https:\/\/fondazionefiladev.ive.ai\/en\/wp-json\/wp\/v2\/tags?post=13063"}],"curies":[{"name":"wp","href":"https:\/\/api.w.org\/{rel}","templated":true}]}}